{"id":1836,"date":"2021-08-08T14:00:45","date_gmt":"2021-08-08T12:00:45","guid":{"rendered":"https:\/\/bullearchitectes.com\/?p=1836"},"modified":"2021-09-29T15:29:33","modified_gmt":"2021-09-29T13:29:33","slug":"seed-of-bulle-2-6","status":"publish","type":"post","link":"https:\/\/bullearchitectes.com\/en\/seed-of-bulle-2-6\/","title":{"rendered":"\u25cf SEED OF BULLE \u25cf"},"content":{"rendered":"<div class=\"wpb-content-wrapper\">[vc_row][vc_column][vc_single_image image=&#8221;1843&#8243; alignment=&#8221;center&#8221; css=&#8221;.vc_custom_1627052580366{margin-bottom: 40px !important;}&#8221;][vc_column_text]\n<h1>\u25cf\u00a0 Seed of bulle \u25cf<\/h1>\n[\/vc_column_text][vc_column_text]Chaperlipopette, it&#8217;s cat day! So let&#8217;s call a spade a spade! Audrey is Chief Hapiness! From early morning, this panther with pretty Persian blue eyes is always in a great mood. Hats off to her!<\/p>\n<p><strong><em>Audrey YSSARTIER &#8211; 29 years old &#8211; 1 year and 6 months of seniority &#8211; finds her little ones even in complex files<\/em><\/strong><\/p>\n<p>&nbsp;<\/p>\n<ul>\n<li><strong>\u00a0Your background<\/strong> <strong>? <\/strong>In high school, I was already attracted to the visual arts, art history and architecture. I studied in Bordeaux, after a degree in applied art where I discovered graphic design, product design and space design. I turned to a BTS in space design &#8211; interior architecture to complete my knowledge with a master&#8217;s degree in global design research and innovation.<\/li>\n<li><strong>How do you see yourself in 10 years<\/strong> <strong>? <\/strong>In 10 years&#8230;I&#8217;ll give my tongue to the cat !\u00a0 I don&#8217;t dare to imagine the skills, experience, autonomy and maturity gained.<\/li>\n<li><strong>\u00a0If you were a building<\/strong> <strong>? <\/strong>An observatory. As its name indicates, it is designed to observe several points of view, such as Nature, Architecture, the Asters&#8230; It marks a pause to contemplate, to appreciate what surrounds us and to benefit from a broad panorama. To better play the cat perched for example.<\/li>\n<li><strong>If you were a seed<\/strong> <strong>? <\/strong>A sunflower seed or a pumpkin seed can both be eaten as an appetizer or to accompany a salad. One produces a sunny flower, a symbol of loyalty, as it accompanies the sun from morning to night. The other produces a delicious vegetable from the garden, my favorite.<\/li>\n<li><strong>Your favorite sport<\/strong> <strong>? <\/strong>The one that makes you feel sore and indicates effort and muscle strengthening. To watch and play : rugby, a team sport, which I played with the sports association of my college.<\/li>\n<li><strong>Your mantra<\/strong> <strong>? <\/strong>Eat well, laugh often and love a lot.<br \/>\n&#8220;You don&#8217;t need much to be happy, you have to be satisfied with what is necessary, a little fresh water and greenery that nature provides us with a few rays of honey and sunshine.<\/li>\n<li><strong>And if you had done another job<\/strong> <strong>? <\/strong>Botanist, a job related to the restaurant business, veterinarian or educator of young children.<\/li>\n<\/ul>\n<p><strong>\u00a0<\/strong><\/p>\n<ul>\n<li><strong>Bulle in 3 words : <\/strong>Bold &#8211; Rhythmic &#8211; Meow<\/li>\n<li><strong>What was the most memorable moment at Bulle<\/strong> <strong>? <\/strong>Collectively: the day of collective intelligence aboard the Marco Polo where the bubbles were revealed.<br \/>\nThe improvised meals at La Boca or the Friday aperitifs to mark a departure, an arrival or something to celebrate !<br \/>\nThe rendering of files that bathe the agency in the effervescence and mutual aid of the Bubbles.<br \/>\nPersonally: the first surveys of individual houses or housing rehabilitation at Bulle.<\/li>\n<li><strong>Who is the greediest at Bulle<\/strong> <strong>? <\/strong>We are all greedy at Bulle and aware of it. Nothing is wasted and absolutely everything is eaten, there is something for everyone ! Our guilty pleasures: chocolate, morning and afternoon cakes, fruit and vegetable crates from our partner Bio Alenvy !<br \/>\nI&#8217;ll still give you my top 3 GourmetBulles ranking :<br \/>\n1 &#8211; Nicolas devours candy and let me quote him &#8220;I like kids snacks too !&#8221;.<br \/>\n2 &#8211; Claire crunches chocolate and pretty fruit salads followed closely by&#8230;<br \/>\n3 \u2013 Mehiti !<\/li>\n<\/ul>\n<p>&nbsp;<\/p>\n<ul>\n<li><strong>A nugget (store, film, book, recipe, exhibition, restaurant) ? <\/strong>Music : &#8221; <a href=\"https:\/\/www.youtube.com\/watch?v=6AN_45QjOLA\" target=\"_blank\" rel=\"noopener\">Le chat &#8211; Moi vouloir \u00eatre chat<\/a> &#8221; of the group Pow Wow (a cappella quartet).<br \/>\nBrewery : &#8221; <a href=\"https:\/\/brasserie-laclique.fr\/\" target=\"_blank\" rel=\"noopener\">LA CLIQUE<\/a> &#8221; Organic craft beers brewed in Bidart, A Nugget !<br \/>\nRestaurant : <a href=\"https:\/\/www.loulourestaurant.fr\/\" target=\"_blank\" rel=\"noopener\">Chez Loulou<\/a> in Bordeaux<br \/>\nLibrary : Les cahiers du jardinier : Planter ses noyaux mode d&#8217;emploi &#8221; Ne les jeter pas ! Plant them, watch them sprout and grow, then eat them !&#8221; Marabout<br \/>\nRaymond Loewy &#8221; Ugliness is not sold well &#8221; Gallimard<br \/>\nDavid le Breton &#8221; Marcher, \u00e9loge des chemins et de la lenteur &#8221; M\u00e9taili\u00e9<\/li>\n<li><strong>A place, a destination to visit ? <\/strong>Hiking : The Pyrenees with the Lake of Gentau or the Lakes of Ayous. The Basque Country and the entire Spanish coast up to the islet of San Juan de Gaztelugatxe and the beach of Zumaia for Game of Thrones fans.<\/li>\n<li><strong>Your favorite meal ? <\/strong>MOUSES !!!!!<br \/>\nLike Garfield, lasagna without hesitation ! But I would obviously add the pasta with the rest of the chicken from Sunday with tomato basil sauce and grated cheese to bake in the oven for more crispness.<br \/>\nThe rest of mom&#8217;s pot au feu pan-fried with pickles and candied onions.<br \/>\nOr summer mixed salads, spring pumpkin and chorizo quiches, autumn stuffed butternuts and winter tartiflettes without green salad !<br \/>\nSimple and delicious to purr with pleasure and lick your lips !<\/li>\n<\/ul>\n<p><strong>\u00a0<\/strong>[\/vc_column_text][\/vc_column][\/vc_row]\n<\/div>","protected":false},"excerpt":{"rendered":"<p>[vc_row][vc_column][vc_single_image image=&#8221;1843&#8243; alignment=&#8221;center&#8221; css=&#8221;.vc_custom_1627052580366{margin-bottom: 40px !important;}&#8221;][vc_column_text] \u25cf\u00a0 Seed of bulle \u25cf [\/vc_column_text][vc_column_text]Chaperlipopette, it&#8217;s cat day! So let&#8217;s call a spade a spade! Audrey is Chief Hapiness! From early morning, this panther with pretty Persian blue eyes is always in a great mood. Hats off to her! Audrey YSSARTIER &#8211; 29 years old &#8211; 1 year&hellip;<\/p>\n","protected":false},"author":1024,"featured_media":1845,"comment_status":"closed","ping_status":"closed","sticky":false,"template":"","format":"standard","meta":{"_acf_changed":false,"footnotes":""},"categories":[21],"tags":[],"class_list":["post-1836","post","type-post","status-publish","format-standard","has-post-thumbnail","hentry","category-news","entry","has-media"],"acf":[],"yoast_head":"<!-- This site is optimized with the Yoast SEO plugin v27.3 - https:\/\/yoast.com\/product\/yoast-seo-wordpress\/ -->\n<title>\u25cf SEED OF BULLE \u25cf - Bulle Architectes<\/title>\n<meta name=\"robots\" content=\"index, follow, max-snippet:-1, max-image-preview:large, max-video-preview:-1\" \/>\n<link rel=\"canonical\" href=\"https:\/\/bullearchitectes.com\/en\/seed-of-bulle-2-6\/\" \/>\n<meta property=\"og:locale\" content=\"en_US\" \/>\n<meta property=\"og:type\" content=\"article\" \/>\n<meta property=\"og:title\" content=\"\u25cf SEED OF BULLE \u25cf - Bulle Architectes\" \/>\n<meta property=\"og:description\" content=\"[vc_row][vc_column][vc_single_image image=&#8221;1843&#8243; alignment=&#8221;center&#8221; css=&#8221;.vc_custom_1627052580366{margin-bottom: 40px !important;}&#8221;][vc_column_text] \u25cf\u00a0 Seed of bulle \u25cf [\/vc_column_text][vc_column_text]Chaperlipopette, it&#8217;s cat day! So let&#8217;s call a spade a spade! Audrey is Chief Hapiness! From early morning, this panther with pretty Persian blue eyes is always in a great mood. Hats off to her! Audrey YSSARTIER &#8211; 29 years old &#8211; 1 year&hellip;\" \/>\n<meta property=\"og:url\" content=\"https:\/\/bullearchitectes.com\/en\/seed-of-bulle-2-6\/\" \/>\n<meta property=\"og:site_name\" content=\"Bulle Architectes\" \/>\n<meta property=\"article:published_time\" content=\"2021-08-08T12:00:45+00:00\" \/>\n<meta property=\"article:modified_time\" content=\"2021-09-29T13:29:33+00:00\" \/>\n<meta property=\"og:image\" content=\"https:\/\/bullearchitectes.com\/wp-content\/uploads\/2021\/06\/interview-couleur-yeux-bulle-architectes.jpg\" \/>\n\t<meta property=\"og:image:width\" content=\"800\" \/>\n\t<meta property=\"og:image:height\" content=\"533\" \/>\n\t<meta property=\"og:image:type\" content=\"image\/jpeg\" \/>\n<meta name=\"author\" content=\"Caroline Andral\" \/>\n<meta name=\"twitter:card\" content=\"summary_large_image\" \/>\n<meta name=\"twitter:label1\" content=\"Written by\" \/>\n\t<meta name=\"twitter:data1\" content=\"Caroline Andral\" \/>\n\t<meta name=\"twitter:label2\" content=\"Est. reading time\" \/>\n\t<meta name=\"twitter:data2\" content=\"4 minutes\" \/>\n<script type=\"application\/ld+json\" class=\"yoast-schema-graph\">{\"@context\":\"https:\\\/\\\/schema.org\",\"@graph\":[{\"@type\":\"Article\",\"@id\":\"https:\\\/\\\/bullearchitectes.com\\\/en\\\/seed-of-bulle-2-6\\\/#article\",\"isPartOf\":{\"@id\":\"https:\\\/\\\/bullearchitectes.com\\\/en\\\/seed-of-bulle-2-6\\\/\"},\"author\":{\"name\":\"Caroline Andral\",\"@id\":\"https:\\\/\\\/bullearchitectes.com\\\/en\\\/#\\\/schema\\\/person\\\/d24ded1e4bf3900f8afe8719b41f37ca\"},\"headline\":\"\u25cf SEED OF BULLE \u25cf\",\"datePublished\":\"2021-08-08T12:00:45+00:00\",\"dateModified\":\"2021-09-29T13:29:33+00:00\",\"mainEntityOfPage\":{\"@id\":\"https:\\\/\\\/bullearchitectes.com\\\/en\\\/seed-of-bulle-2-6\\\/\"},\"wordCount\":784,\"publisher\":{\"@id\":\"https:\\\/\\\/bullearchitectes.com\\\/en\\\/#organization\"},\"image\":{\"@id\":\"https:\\\/\\\/bullearchitectes.com\\\/en\\\/seed-of-bulle-2-6\\\/#primaryimage\"},\"thumbnailUrl\":\"https:\\\/\\\/bullearchitectes.com\\\/wp-content\\\/uploads\\\/2021\\\/06\\\/interview-couleur-yeux-bulle-architectes.jpg\",\"articleSection\":[\"News\"],\"inLanguage\":\"en-US\"},{\"@type\":\"WebPage\",\"@id\":\"https:\\\/\\\/bullearchitectes.com\\\/en\\\/seed-of-bulle-2-6\\\/\",\"url\":\"https:\\\/\\\/bullearchitectes.com\\\/en\\\/seed-of-bulle-2-6\\\/\",\"name\":\"\u25cf SEED OF BULLE \u25cf - Bulle Architectes\",\"isPartOf\":{\"@id\":\"https:\\\/\\\/bullearchitectes.com\\\/en\\\/#website\"},\"primaryImageOfPage\":{\"@id\":\"https:\\\/\\\/bullearchitectes.com\\\/en\\\/seed-of-bulle-2-6\\\/#primaryimage\"},\"image\":{\"@id\":\"https:\\\/\\\/bullearchitectes.com\\\/en\\\/seed-of-bulle-2-6\\\/#primaryimage\"},\"thumbnailUrl\":\"https:\\\/\\\/bullearchitectes.com\\\/wp-content\\\/uploads\\\/2021\\\/06\\\/interview-couleur-yeux-bulle-architectes.jpg\",\"datePublished\":\"2021-08-08T12:00:45+00:00\",\"dateModified\":\"2021-09-29T13:29:33+00:00\",\"breadcrumb\":{\"@id\":\"https:\\\/\\\/bullearchitectes.com\\\/en\\\/seed-of-bulle-2-6\\\/#breadcrumb\"},\"inLanguage\":\"en-US\",\"potentialAction\":[{\"@type\":\"ReadAction\",\"target\":[\"https:\\\/\\\/bullearchitectes.com\\\/en\\\/seed-of-bulle-2-6\\\/\"]}]},{\"@type\":\"ImageObject\",\"inLanguage\":\"en-US\",\"@id\":\"https:\\\/\\\/bullearchitectes.com\\\/en\\\/seed-of-bulle-2-6\\\/#primaryimage\",\"url\":\"https:\\\/\\\/bullearchitectes.com\\\/wp-content\\\/uploads\\\/2021\\\/06\\\/interview-couleur-yeux-bulle-architectes.jpg\",\"contentUrl\":\"https:\\\/\\\/bullearchitectes.com\\\/wp-content\\\/uploads\\\/2021\\\/06\\\/interview-couleur-yeux-bulle-architectes.jpg\",\"width\":800,\"height\":533,\"caption\":\"Photographic staging on a colored background of the look of a collaborator Audrey of the agency Bulle Architects.\"},{\"@type\":\"BreadcrumbList\",\"@id\":\"https:\\\/\\\/bullearchitectes.com\\\/en\\\/seed-of-bulle-2-6\\\/#breadcrumb\",\"itemListElement\":[{\"@type\":\"ListItem\",\"position\":1,\"name\":\"Accueil\",\"item\":\"https:\\\/\\\/bullearchitectes.com\\\/en\\\/\"},{\"@type\":\"ListItem\",\"position\":2,\"name\":\"\u25cf SEED OF BULLE \u25cf\"}]},{\"@type\":\"WebSite\",\"@id\":\"https:\\\/\\\/bullearchitectes.com\\\/en\\\/#website\",\"url\":\"https:\\\/\\\/bullearchitectes.com\\\/en\\\/\",\"name\":\"Bulle Architectes\",\"description\":\"Architectes \u00e0 Bordeaux\",\"publisher\":{\"@id\":\"https:\\\/\\\/bullearchitectes.com\\\/en\\\/#organization\"},\"potentialAction\":[{\"@type\":\"SearchAction\",\"target\":{\"@type\":\"EntryPoint\",\"urlTemplate\":\"https:\\\/\\\/bullearchitectes.com\\\/en\\\/?s={search_term_string}\"},\"query-input\":{\"@type\":\"PropertyValueSpecification\",\"valueRequired\":true,\"valueName\":\"search_term_string\"}}],\"inLanguage\":\"en-US\"},{\"@type\":\"Organization\",\"@id\":\"https:\\\/\\\/bullearchitectes.com\\\/en\\\/#organization\",\"name\":\"Bulle Architectes\",\"url\":\"https:\\\/\\\/bullearchitectes.com\\\/en\\\/\",\"logo\":{\"@type\":\"ImageObject\",\"inLanguage\":\"en-US\",\"@id\":\"https:\\\/\\\/bullearchitectes.com\\\/en\\\/#\\\/schema\\\/logo\\\/image\\\/\",\"url\":\"https:\\\/\\\/bullearchitectes.com\\\/wp-content\\\/uploads\\\/2021\\\/01\\\/Noir-1.png\",\"contentUrl\":\"https:\\\/\\\/bullearchitectes.com\\\/wp-content\\\/uploads\\\/2021\\\/01\\\/Noir-1.png\",\"width\":2000,\"height\":633,\"caption\":\"Bulle Architectes\"},\"image\":{\"@id\":\"https:\\\/\\\/bullearchitectes.com\\\/en\\\/#\\\/schema\\\/logo\\\/image\\\/\"}},{\"@type\":\"Person\",\"@id\":\"https:\\\/\\\/bullearchitectes.com\\\/en\\\/#\\\/schema\\\/person\\\/d24ded1e4bf3900f8afe8719b41f37ca\",\"name\":\"Caroline Andral\",\"sameAs\":[\"https:\\\/\\\/bullearchitectes.com\"]}]}<\/script>\n<!-- \/ Yoast SEO plugin. -->","yoast_head_json":{"title":"\u25cf SEED OF BULLE \u25cf - Bulle Architectes","robots":{"index":"index","follow":"follow","max-snippet":"max-snippet:-1","max-image-preview":"max-image-preview:large","max-video-preview":"max-video-preview:-1"},"canonical":"https:\/\/bullearchitectes.com\/en\/seed-of-bulle-2-6\/","og_locale":"en_US","og_type":"article","og_title":"\u25cf SEED OF BULLE \u25cf - Bulle Architectes","og_description":"[vc_row][vc_column][vc_single_image image=&#8221;1843&#8243; alignment=&#8221;center&#8221; css=&#8221;.vc_custom_1627052580366{margin-bottom: 40px !important;}&#8221;][vc_column_text] \u25cf\u00a0 Seed of bulle \u25cf [\/vc_column_text][vc_column_text]Chaperlipopette, it&#8217;s cat day! So let&#8217;s call a spade a spade! Audrey is Chief Hapiness! From early morning, this panther with pretty Persian blue eyes is always in a great mood. Hats off to her! Audrey YSSARTIER &#8211; 29 years old &#8211; 1 year&hellip;","og_url":"https:\/\/bullearchitectes.com\/en\/seed-of-bulle-2-6\/","og_site_name":"Bulle Architectes","article_published_time":"2021-08-08T12:00:45+00:00","article_modified_time":"2021-09-29T13:29:33+00:00","og_image":[{"width":800,"height":533,"url":"https:\/\/bullearchitectes.com\/wp-content\/uploads\/2021\/06\/interview-couleur-yeux-bulle-architectes.jpg","type":"image\/jpeg"}],"author":"Caroline Andral","twitter_card":"summary_large_image","twitter_misc":{"Written by":"Caroline Andral","Est. reading time":"4 minutes"},"schema":{"@context":"https:\/\/schema.org","@graph":[{"@type":"Article","@id":"https:\/\/bullearchitectes.com\/en\/seed-of-bulle-2-6\/#article","isPartOf":{"@id":"https:\/\/bullearchitectes.com\/en\/seed-of-bulle-2-6\/"},"author":{"name":"Caroline Andral","@id":"https:\/\/bullearchitectes.com\/en\/#\/schema\/person\/d24ded1e4bf3900f8afe8719b41f37ca"},"headline":"\u25cf SEED OF BULLE \u25cf","datePublished":"2021-08-08T12:00:45+00:00","dateModified":"2021-09-29T13:29:33+00:00","mainEntityOfPage":{"@id":"https:\/\/bullearchitectes.com\/en\/seed-of-bulle-2-6\/"},"wordCount":784,"publisher":{"@id":"https:\/\/bullearchitectes.com\/en\/#organization"},"image":{"@id":"https:\/\/bullearchitectes.com\/en\/seed-of-bulle-2-6\/#primaryimage"},"thumbnailUrl":"https:\/\/bullearchitectes.com\/wp-content\/uploads\/2021\/06\/interview-couleur-yeux-bulle-architectes.jpg","articleSection":["News"],"inLanguage":"en-US"},{"@type":"WebPage","@id":"https:\/\/bullearchitectes.com\/en\/seed-of-bulle-2-6\/","url":"https:\/\/bullearchitectes.com\/en\/seed-of-bulle-2-6\/","name":"\u25cf SEED OF BULLE \u25cf - Bulle Architectes","isPartOf":{"@id":"https:\/\/bullearchitectes.com\/en\/#website"},"primaryImageOfPage":{"@id":"https:\/\/bullearchitectes.com\/en\/seed-of-bulle-2-6\/#primaryimage"},"image":{"@id":"https:\/\/bullearchitectes.com\/en\/seed-of-bulle-2-6\/#primaryimage"},"thumbnailUrl":"https:\/\/bullearchitectes.com\/wp-content\/uploads\/2021\/06\/interview-couleur-yeux-bulle-architectes.jpg","datePublished":"2021-08-08T12:00:45+00:00","dateModified":"2021-09-29T13:29:33+00:00","breadcrumb":{"@id":"https:\/\/bullearchitectes.com\/en\/seed-of-bulle-2-6\/#breadcrumb"},"inLanguage":"en-US","potentialAction":[{"@type":"ReadAction","target":["https:\/\/bullearchitectes.com\/en\/seed-of-bulle-2-6\/"]}]},{"@type":"ImageObject","inLanguage":"en-US","@id":"https:\/\/bullearchitectes.com\/en\/seed-of-bulle-2-6\/#primaryimage","url":"https:\/\/bullearchitectes.com\/wp-content\/uploads\/2021\/06\/interview-couleur-yeux-bulle-architectes.jpg","contentUrl":"https:\/\/bullearchitectes.com\/wp-content\/uploads\/2021\/06\/interview-couleur-yeux-bulle-architectes.jpg","width":800,"height":533,"caption":"Photographic staging on a colored background of the look of a collaborator Audrey of the agency Bulle Architects."},{"@type":"BreadcrumbList","@id":"https:\/\/bullearchitectes.com\/en\/seed-of-bulle-2-6\/#breadcrumb","itemListElement":[{"@type":"ListItem","position":1,"name":"Accueil","item":"https:\/\/bullearchitectes.com\/en\/"},{"@type":"ListItem","position":2,"name":"\u25cf SEED OF BULLE \u25cf"}]},{"@type":"WebSite","@id":"https:\/\/bullearchitectes.com\/en\/#website","url":"https:\/\/bullearchitectes.com\/en\/","name":"Bulle Architectes","description":"Architectes \u00e0 Bordeaux","publisher":{"@id":"https:\/\/bullearchitectes.com\/en\/#organization"},"potentialAction":[{"@type":"SearchAction","target":{"@type":"EntryPoint","urlTemplate":"https:\/\/bullearchitectes.com\/en\/?s={search_term_string}"},"query-input":{"@type":"PropertyValueSpecification","valueRequired":true,"valueName":"search_term_string"}}],"inLanguage":"en-US"},{"@type":"Organization","@id":"https:\/\/bullearchitectes.com\/en\/#organization","name":"Bulle Architectes","url":"https:\/\/bullearchitectes.com\/en\/","logo":{"@type":"ImageObject","inLanguage":"en-US","@id":"https:\/\/bullearchitectes.com\/en\/#\/schema\/logo\/image\/","url":"https:\/\/bullearchitectes.com\/wp-content\/uploads\/2021\/01\/Noir-1.png","contentUrl":"https:\/\/bullearchitectes.com\/wp-content\/uploads\/2021\/01\/Noir-1.png","width":2000,"height":633,"caption":"Bulle Architectes"},"image":{"@id":"https:\/\/bullearchitectes.com\/en\/#\/schema\/logo\/image\/"}},{"@type":"Person","@id":"https:\/\/bullearchitectes.com\/en\/#\/schema\/person\/d24ded1e4bf3900f8afe8719b41f37ca","name":"Caroline Andral","sameAs":["https:\/\/bullearchitectes.com"]}]}},"_links":{"self":[{"href":"https:\/\/bullearchitectes.com\/en\/wp-json\/wp\/v2\/posts\/1836","targetHints":{"allow":["GET"]}}],"collection":[{"href":"https:\/\/bullearchitectes.com\/en\/wp-json\/wp\/v2\/posts"}],"about":[{"href":"https:\/\/bullearchitectes.com\/en\/wp-json\/wp\/v2\/types\/post"}],"author":[{"embeddable":true,"href":"https:\/\/bullearchitectes.com\/en\/wp-json\/wp\/v2\/users\/1024"}],"replies":[{"embeddable":true,"href":"https:\/\/bullearchitectes.com\/en\/wp-json\/wp\/v2\/comments?post=1836"}],"version-history":[{"count":0,"href":"https:\/\/bullearchitectes.com\/en\/wp-json\/wp\/v2\/posts\/1836\/revisions"}],"wp:featuredmedia":[{"embeddable":true,"href":"https:\/\/bullearchitectes.com\/en\/wp-json\/wp\/v2\/media\/1845"}],"wp:attachment":[{"href":"https:\/\/bullearchitectes.com\/en\/wp-json\/wp\/v2\/media?parent=1836"}],"wp:term":[{"taxonomy":"category","embeddable":true,"href":"https:\/\/bullearchitectes.com\/en\/wp-json\/wp\/v2\/categories?post=1836"},{"taxonomy":"post_tag","embeddable":true,"href":"https:\/\/bullearchitectes.com\/en\/wp-json\/wp\/v2\/tags?post=1836"}],"curies":[{"name":"wp","href":"https:\/\/api.w.org\/{rel}","templated":true}]}}